{"id":17019,"date":"2023-01-26T09:40:23","date_gmt":"2023-01-26T09:40:23","guid":{"rendered":"https:\/\/biblioteca.xativa.es\/ha-mort-vicent-salvador-i-liern\/"},"modified":"2023-01-26T10:56:13","modified_gmt":"2023-01-26T10:56:13","slug":"ha-mort-vicent-salvador-i-liern","status":"publish","type":"post","link":"https:\/\/biblioteca.xativa.es\/es\/ha-mort-vicent-salvador-i-liern\/","title":{"rendered":"Ha muerto Vicent Salvador i Liern"},"content":{"rendered":"\n<h2 class=\"wp-block-heading\"><\/h2>\n\n\n\n<p>Este 25 de enero de 2023 ocupar\u00e1 un lugar destacado en la historia del pensamiento al Pa\u00eds Valenciano al transcender la muerte la noche anterior de Vicent Salvador i Liern (Paterna, 1951), poeta, fil\u00f3logo, profesor, erudito. Un hombre de trato apacible, protagonista de nuestra historia cultural reciente y que construy\u00f3 una obra po\u00e9tica breve pero s\u00f3lida y una monumental tarea de investigaci\u00f3n en el campo de la filolog\u00eda, con estudios sobre Joan Fuster, Vicent Andr\u00e9s Estell\u00e9s y otras figuras de nuestra literatura. Por no hablar de su maestr\u00eda, primero en la educaci\u00f3n secundaria y despu\u00e9s en tres de las universidades p\u00fablicas valencianas. Un referente de primera magnitud.<\/p>\n\n\n\n<p>Solo transcender el deceso de\u00a0Vicent Salvador,\u00a0esta ma\u00f1ana, las redes sociales se llenaron de mensajes de p\u00e9same de instituciones acad\u00e9micas, como por ejemplo la Acad\u00e8mia Valenciana de la Llengua o las universidades por las cuales hab\u00eda dejado huella. Pero tambi\u00e9n de muchos de los que fueron los alumnos, promociones repartidas entre la Universitat de Val\u00e8ncia, la Universidad de Alicante y, m\u00e1s recientemente, la Universitat Jaume I de Castell\u00f3 (UJI), en la cual dirigi\u00f3 un buen pu\u00f1ado de tesis doctorales. A esta instituci\u00f3n protagoniz\u00f3 tambi\u00e9n el que es seguramente su \u00faltima gran aparici\u00f3n p\u00fablica, la lecci\u00f3n inaugural del curso 2020-2021, con una reivindicaci\u00f3n de la ciencia y la ret\u00f3rica.<\/p>\n\n\n\n<p>El recorrido docente de Vicent Salvador es impresionante: profesor de secundaria a los inicios, empieza carrera en Nules y se desplaza m\u00e1s tarde en X\u00e0tiva, ciudad que supone un descubrimiento para \u00e9l, a diferentes niveles. \u00abFue una \u00e9poca crucial de mi vida, sobre todo en relaci\u00f3n con mi vocaci\u00f3n por la ense\u00f1anza. Tambi\u00e9n por la gente que encontr\u00e9 all\u00ed, las amistades que hice, y el lugar\u00bb, dec\u00eda en una entrevista en EL TEMPS del a\u00f1o 1986. Poco despu\u00e9s, dej\u00f3 los paisajes y la luminosidad de la Costera por Massamagrell, un paso \u00abdel reino de la fantas\u00eda en el reino del realismo\u00bb.<\/p>\n\n\n\n<p>La vuelta a l&#8217;Horta Norte es tambi\u00e9n un contacto \u00abm\u00e1s directo\u00bb con la ciudad de Val\u00e8ncia, \u00abun monstruo\u00bb. \u00abEs un ser absolutamente doblo de perspectivas\u00bb, dec\u00eda en referencia al aprecio que despertaba, pero tambi\u00e9n a la agresi\u00f3n continua. \u00abLa ciudad de Val\u00e8ncia ha sido la ciudad maldita, la Babel de la confusi\u00f3n de las lenguas y la ciudad que asesina sus hijos\u00bb. Una visi\u00f3n \u00e1rida, que tiene que ver sin duda al hecho de haber vivido en primera persona, junto con Jaume P\u00e9rez Muntaner, el atentado del 1981 en la casa de Joan Fuster. Una experiencia que, reconoci\u00f3, queda reflejada en uno de sus poemarios,\u00a0Calabruix, Premio Ausi\u00e0s March de poes\u00eda del 1984.<\/p>\n\n\n\n<p>Qui\u00e9n ten\u00eda que ser un referente erudito, de hecho, empez\u00f3 su presencia p\u00fablica con una corta pero s\u00f3lida obra po\u00e9tica. Antes de\u00a0Calabruix, publica\u00a0Arcillas\u00a0(1980) y\u00a0Ritual de ceniza, premio Ciudad de Val\u00e8ncia del 1981. Y por aquellos a\u00f1os lanza el que es uno de sus manuales de referencia,\u00a0El gesto po\u00e9tico. Hacia una teor\u00eda del poema,\u00a0premio Val\u00e8ncia de ensayo del 1984.<\/p>\n\n\n\n<p>Con el tiempo se decantar\u00eda hacia los estudios literarios en detrimento de la creaci\u00f3n, pero antes de esto public\u00f3 otro poemario referencial, Mercado de la sal, que le vali\u00f3 el premio Vicent Andr\u00e9s Estell\u00e9s de Octubre del 1992, en el cual despliega entre m\u00e1s un conjunto de prosas po\u00e9ticas llenas de intencionalidad y, en ocasiones, de socarroner\u00eda: \u00abEsta sociedad privada se ha disuelto con las cuentas muy claras. Sin trampas ni impagados, comme il faut. Pero los labios que han probado el vino ardiente son hu\u00e9rfanos con siete de m\u00e1s riqueza. Buscan oro, y har\u00e1n las am\u00e9ricas si hace falta con un tranv\u00eda\u00bb.<\/p>\n\n\n\n<p>Muy influido a los inicios por\u00a0Salvador Espriu, acaba m\u00e1s identificado con\u00a0Joan Vinyoli,\u00a0alguien que \u00abacepta el reto de hacer una poes\u00eda de las cosas peque\u00f1as, en esto se asemeja un poco a Estell\u00e9s\u00bb, dir\u00eda en la entrevista antes mencionada.<\/p>\n\n\n\n<p>El poeta de Burjassot, de hecho, acontecer\u00eda un de sus \u00e1mbitos de estudio m\u00e1s salidos bien. Del principio hasta el final, cerrando un c\u00edrculo perfecto: antes del gesto po\u00e9tico, hab\u00eda publicado con Jaume P\u00e9rez Muntaner Una aproximaci\u00f3n a Vicent Andr\u00e9s Estell\u00e9s (1981), un libro seminal en el estudio del poeta. Y su \u00faltima contribuci\u00f3n intelectual ha sido el pr\u00f3logo, en colaboraci\u00f3n con Josep Murgades, para el volumen 9 de la Obra Completa revisada de Estell\u00e9s, para el editorial Tres i Quatre, donde aparece la primera parte del Mural del Pa\u00eds Valenciano.<\/p>\n\n\n\n<p>Un pr\u00f3logo que se inicia as\u00ed: \u00abTodav\u00eda no se hab\u00eda inventado la escritura, ni mucho menos, y ya el animal humano ilustraba con im\u00e1genes diversas los espacios de las cuevas prehist\u00f3ricas. Rituales ancestrales de oscuro origen induc\u00edan el hombre primitivo a poblar superficies v\u00edrgenes con im\u00e1genes m\u00e1s o menos tomadas de la naturaleza, m\u00e1s o menos tocadas de abstracci\u00f3n. Quiz\u00e1s se trataba de un\u00a0horror vacui\u00a0como el que empuja hoy tanta gente a grafiarse el cuerpo con tatuajes que infunden identidad a la piel desnuda y muda. \/\/ Vicent Andr\u00e9s Estell\u00e9s burxa en estos or\u00edgenes identitarios cuando evoca la Cueva Negra de X\u00e0tiva, los huesos del hombre primitivo, en la busca de un principio m\u00edtico del pa\u00eds, buscando en unos pobres restos antiguos las trazas de la vida social que un d\u00eda hab\u00edan guarecido\u00bb.<\/p>\n\n\n\n<h3 class=\"wp-block-heading\">Tarea ingente, maestr\u00eda ingente<\/h3>\n\n\n\n<p>En la d\u00e9cada del 1980, Salvador pone en marcha la tarea como profesor universitario en la Facultad de Filolog\u00eda de la Universitat de Val\u00e8ncia. Contaba en una entrevista que hab\u00eda sido un ni\u00f1o regordete a quien, junto con un grupo de compa\u00f1eros que denominaban \u00abEl Club de los Gordos\u00bb, ten\u00edan que rebajar la dificultad de las pruebas f\u00edsicas escolares para poder aprobar. M\u00e1s tarde pudo racionalizar el rechazo a la actividad f\u00edsica, pero como profesor y en las relaciones personales conservaba parte de aquella timidez.<\/p>\n\n\n\n<p>Las clases de Salvador eran amables, apacibles, como era \u00e9l, pero tambi\u00e9n un pozo inagotable de sabidur\u00eda. Proporcionaba herramientas porque los alumnos hicieron su propio camino a trav\u00e9s de la reflexi\u00f3n. Era generoso. Y sab\u00eda much\u00edsimo, en diferentes campos de la filolog\u00eda, como por ejemplo la ling\u00fc\u00edstica, el an\u00e1lisis del discurso o la historia de la lengua y la literatura. No le gustaban la hiperespecializaci\u00f3n o los encorsetamientos. Y esto se ve en la cantidad de materias diferentes que ocupa su tarea erudita, de las fronteras literarias, los elementos ling\u00fc\u00edsticos del discurso literario, a la novela catalana en el Pa\u00eds Valenciano. Siempre con el lenguaje como elemento de fascinaci\u00f3n y obsesi\u00f3n, como explicaba en sus memorias como docente.<\/p>\n\n\n\n<p>Su libro Figuras y esbozos. Estudios sobre literatura valenciana contempor\u00e1nea, recibi\u00f3 el premio de la Cr\u00edtica de los Escritores Valencianos del a\u00f1o 2013. \u00abUn convite a la degustaci\u00f3n literaria: un convite hecho desde la conciencia ling\u00fc\u00edstica, ideol\u00f3gica y educacional del autor\u00bb, resum\u00eda Manuel P\u00e9rez Saldanya en Saz\u00f3n. Un estudio en que incid\u00eda en un tema candente como por ejemplo la devaluaci\u00f3n de los libros materia de lectura en la ense\u00f1anza secundaria. \u00abLecturas de pl\u00e1stico\u00bb, las denominaba.<\/p>\n\n\n\n<p>Adem\u00e1s de libros, su erudici\u00f3n se encuentra en decenas de publicaciones especializadas y generalistas, desde esta misma revista al Espejo, Letras de cambio o las revistas internacionales dedicadas al estudio de la lengua y la cultura catalanas. Pero tambi\u00e9n puso su grano de arena en cargos de gesti\u00f3n cultural: adem\u00e1s de la subdirecci\u00f3n del Espejo, dirigi\u00f3 el Servicio de Publicaciones de la Universitat de Val\u00e8ncia, del 1986 al 1994, fue subdirector\/subdirector del Instituto Interuniversitario de Filolog\u00eda Valenciana, entre 2003 y 2007, y fue vicepresidente del <em>PEN <\/em>catal\u00e1n. Tambi\u00e9n fue miembro de la Asociaci\u00f3n de Escritores en Lengua Catalana <em>(<\/em>AELC).<\/p>\n\n\n\n<p>Con Vicent Salvador, desaparece una figura intelectual y acad\u00e9mica de primera magnitud, un representado aventajado de las generaciones de profesores y profesoras universitarios que marcaron con su maestr\u00eda el devenir de la filolog\u00eda al Pa\u00eds Valenciano de la Transici\u00f3n hasta ahora. En su caso, de manera decisiva. Poseedor de un bagaje como estudioso que ocup\u00f3 con glotoner\u00eda el tiempo y el espacio del que podr\u00eda haber sido una carrera literaria sustancial. Que nos deja unos versos como los que la cuenta po\u00e9tica Amigos de Joan Valls sub\u00eda a las redes, procedentes de <em>Ritual de cendra<\/em><\/p>\n\n\n\n<p>\u201cPerqu\u00e8 tu ets un brostam<br>perfumat de silencis.<br>Perqu\u00e8 tu ets una hist\u00f2ria<br>sense temps<br>que em conte cada nit<br>per a oblidar-la a l\u2019alba\u201d.<\/p>\n\n\n\n<p>Que su tarea ingente no caiga en el olvido.<\/p>\n\n\n\n<p>Per&nbsp;<strong><a href=\"https:\/\/www.eltemps.cat\/autor\/xaliaga\">Xavier Aliaga<\/a><\/strong><\/p>\n","protected":false},"excerpt":{"rendered":"<p>Este 25 de enero de 2023 ocupar\u00e1 un lugar destacado en la historia del pensamiento al Pa\u00eds Valenciano al transcender la muerte la noche anterior de Vicent Salvador i Liern (Paterna, 1951), poeta, fil\u00f3logo, profesor, erudito. Un hombre de trato apacible, protagonista de nuestra historia cultural reciente y que construy\u00f3 una obra po\u00e9tica breve pero [&hellip;]<\/p>\n","protected":false},"author":2,"featured_media":17016,"comment_status":"closed","ping_status":"closed","sticky":false,"template":"","format":"standard","meta":{"site-sidebar-layout":"default","site-content-layout":"","ast-site-content-layout":"default","site-content-style":"default","site-sidebar-style":"default","ast-global-header-display":"","ast-banner-title-visibility":"","ast-main-header-display":"","ast-hfb-above-header-display":"","ast-hfb-below-header-display":"","ast-hfb-mobile-header-display":"","site-post-title":"","ast-breadcrumbs-content":"","ast-featured-img":"","footer-sml-layout":"","ast-disable-related-posts":"","theme-transparent-header-meta":"","adv-header-id-meta":"","stick-header-meta":"","header-above-stick-meta":"","header-main-stick-meta":"","header-below-stick-meta":"","astra-migrate-meta-layouts":"default","ast-page-background-enabled":"default","ast-page-background-meta":{"desktop":{"background-color":"var(--ast-global-color-4)","background-image":"","background-repeat":"repeat","background-position":"center center","background-size":"auto","background-attachment":"scroll","background-type":"","background-media":"","overlay-type":"","overlay-color":"","overlay-opacity":"","overlay-gradient":""},"tablet":{"background-color":"","background-image":"","background-repeat":"repeat","background-position":"center center","background-size":"auto","background-attachment":"scroll","background-type":"","background-media":"","overlay-type":"","overlay-color":"","overlay-opacity":"","overlay-gradient":""},"mobile":{"background-color":"","background-image":"","background-repeat":"repeat","background-position":"center center","background-size":"auto","background-attachment":"scroll","background-type":"","background-media":"","overlay-type":"","overlay-color":"","overlay-opacity":"","overlay-gradient":""}},"ast-content-background-meta":{"desktop":{"background-color":"var(--ast-global-color-5)","background-image":"","background-repeat":"repeat","background-position":"center center","background-size":"auto","background-attachment":"scroll","background-type":"","background-media":"","overlay-type":"","overlay-color":"","overlay-opacity":"","overlay-gradient":""},"tablet":{"background-color":"var(--ast-global-color-5)","background-image":"","background-repeat":"repeat","background-position":"center center","background-size":"auto","background-attachment":"scroll","background-type":"","background-media":"","overlay-type":"","overlay-color":"","overlay-opacity":"","overlay-gradient":""},"mobile":{"background-color":"var(--ast-global-color-5)","background-image":"","background-repeat":"repeat","background-position":"center center","background-size":"auto","background-attachment":"scroll","background-type":"","background-media":"","overlay-type":"","overlay-color":"","overlay-opacity":"","overlay-gradient":""}},"footnotes":""},"categories":[1830],"tags":[],"class_list":["post-17019","post","type-post","status-publish","format-standard","has-post-thumbnail","hentry","category-noticias"],"_links":{"self":[{"href":"https:\/\/biblioteca.xativa.es\/es\/wp-json\/wp\/v2\/posts\/17019"}],"collection":[{"href":"https:\/\/biblioteca.xativa.es\/es\/wp-json\/wp\/v2\/posts"}],"about":[{"href":"https:\/\/biblioteca.xativa.es\/es\/wp-json\/wp\/v2\/types\/post"}],"author":[{"embeddable":true,"href":"https:\/\/biblioteca.xativa.es\/es\/wp-json\/wp\/v2\/users\/2"}],"replies":[{"embeddable":true,"href":"https:\/\/biblioteca.xativa.es\/es\/wp-json\/wp\/v2\/comments?post=17019"}],"version-history":[{"count":0,"href":"https:\/\/biblioteca.xativa.es\/es\/wp-json\/wp\/v2\/posts\/17019\/revisions"}],"wp:featuredmedia":[{"embeddable":true,"href":"https:\/\/biblioteca.xativa.es\/es\/wp-json\/wp\/v2\/media\/17016"}],"wp:attachment":[{"href":"https:\/\/biblioteca.xativa.es\/es\/wp-json\/wp\/v2\/media?parent=17019"}],"wp:term":[{"taxonomy":"category","embeddable":true,"href":"https:\/\/biblioteca.xativa.es\/es\/wp-json\/wp\/v2\/categories?post=17019"},{"taxonomy":"post_tag","embeddable":true,"href":"https:\/\/biblioteca.xativa.es\/es\/wp-json\/wp\/v2\/tags?post=17019"}],"curies":[{"name":"wp","href":"https:\/\/api.w.org\/{rel}","templated":true}]}}