{"id":16554,"date":"2022-09-27T08:20:24","date_gmt":"2022-09-27T08:20:24","guid":{"rendered":"https:\/\/biblioteca.xativa.es\/xativa-pone-en-marcha-en-la-biblioteca-la-campana-de-dinamizacion-linguistica-llig-en-valencia\/"},"modified":"2022-09-27T08:36:00","modified_gmt":"2022-09-27T08:36:00","slug":"xativa-pone-en-marcha-en-la-biblioteca-la-campana-de-dinamizacion-linguistica-llig-en-valencia","status":"publish","type":"post","link":"https:\/\/biblioteca.xativa.es\/es\/xativa-pone-en-marcha-en-la-biblioteca-la-campana-de-dinamizacion-linguistica-llig-en-valencia\/","title":{"rendered":"X\u00e0tiva pone en marcha en la biblioteca la campa\u00f1a de dinamizaci\u00f3n ling\u00fc\u00edstica \u00abLlig en valenci\u00e0\u00bb"},"content":{"rendered":"\n<p><\/p>\n\n\n\n<p>El Ayuntamiento de X\u00e0tiva ha puesto en marcha, a trav\u00e9s de la concejal\u00eda de Pol\u00edtica Ling\u00fc\u00edstica y en colaboraci\u00f3n con la Biblioteca, una campa\u00f1a de dinamizaci\u00f3n ling\u00fc\u00edstica que se denomina \u00abLlig en valenci\u00e0\u00bb.<\/p>\n\n\n\n<p>La iniciativa, que podr\u00e1n disfrutar tanto las personas usuarias de la Biblioteca Infantil como de la Biblioteca de Adultos, tiene como objetivo la potenciaci\u00f3n de la lectura de libros en valenciano y consiste en el obsequio de una bolsa de algod\u00f3n ecol\u00f3gico a toda persona que se lleve en pr\u00e9stamo uno o m\u00e1s libros en valenciano. La bolsa cuenta con la imagen de Felip V\u00e9 cabeza abajo formada con palabras caracter\u00edsticas del valenciano de X\u00e0tiva, a manera de caligrama.<\/p>\n\n\n\n<p>La imagen, dise\u00f1ada por Lola Terreta, est\u00e1 compuesta por numerosas palabras y expresiones caracter\u00edsticas del valenciano de X\u00e0tiva que dibujan la figura cabeza abajo de Felip V\u00e9, y entre las cuales podemos encontrar t\u00e9rminos como \u00absocarrats\u00bb, \u00abarnad\u00ed\u00bb, \u00abcosconelles\u00bb, \u00abtrapatroles\u00bb, \u00abbal\u00f2stia\u00bb, \u00abderringlat\u00bb, \u00abcaramull\u00bb, \u00abenrossinar-se\u00bb, \u00abla fira\u00bb o \u00abel castell\u00bb.<\/p>\n\n\n\n<p>Para la regidora de Pol\u00edtica Ling\u00fc\u00edstica y Biblioteca Mariola Sanchis, \u00abesta iniciativa es una magn\u00edfica propuesta puesto que promueve la lectura de libros y a la vez potencia el valenciano mediante una imagen ic\u00f3nica que forma parte de nuestro referente cultural\u00bb.<\/p>\n","protected":false},"excerpt":{"rendered":"<p>El Ayuntamiento de X\u00e0tiva ha puesto en marcha, a trav\u00e9s de la concejal\u00eda de Pol\u00edtica Ling\u00fc\u00edstica y en colaboraci\u00f3n con la Biblioteca, una campa\u00f1a de dinamizaci\u00f3n ling\u00fc\u00edstica que se denomina \u00abLlig en valenci\u00e0\u00bb. La iniciativa, que podr\u00e1n disfrutar tanto las personas usuarias de la Biblioteca Infantil como de la Biblioteca de Adultos, tiene como objetivo [&hellip;]<\/p>\n","protected":false},"author":2,"featured_media":16551,"comment_status":"closed","ping_status":"closed","sticky":false,"template":"","format":"standard","meta":{"site-sidebar-layout":"default","site-content-layout":"","ast-site-content-layout":"default","site-content-style":"default","site-sidebar-style":"default","ast-global-header-display":"","ast-banner-title-visibility":"","ast-main-header-display":"","ast-hfb-above-header-display":"","ast-hfb-below-header-display":"","ast-hfb-mobile-header-display":"","site-post-title":"","ast-breadcrumbs-content":"","ast-featured-img":"","footer-sml-layout":"","ast-disable-related-posts":"","theme-transparent-header-meta":"","adv-header-id-meta":"","stick-header-meta":"","header-above-stick-meta":"","header-main-stick-meta":"","header-below-stick-meta":"","astra-migrate-meta-layouts":"default","ast-page-background-enabled":"default","ast-page-background-meta":{"desktop":{"background-color":"var(--ast-global-color-4)","background-image":"","background-repeat":"repeat","background-position":"center center","background-size":"auto","background-attachment":"scroll","background-type":"","background-media":"","overlay-type":"","overlay-color":"","overlay-opacity":"","overlay-gradient":""},"tablet":{"background-color":"","background-image":"","background-repeat":"repeat","background-position":"center center","background-size":"auto","background-attachment":"scroll","background-type":"","background-media":"","overlay-type":"","overlay-color":"","overlay-opacity":"","overlay-gradient":""},"mobile":{"background-color":"","background-image":"","background-repeat":"repeat","background-position":"center center","background-size":"auto","background-attachment":"scroll","background-type":"","background-media":"","overlay-type":"","overlay-color":"","overlay-opacity":"","overlay-gradient":""}},"ast-content-background-meta":{"desktop":{"background-color":"var(--ast-global-color-5)","background-image":"","background-repeat":"repeat","background-position":"center center","background-size":"auto","background-attachment":"scroll","background-type":"","background-media":"","overlay-type":"","overlay-color":"","overlay-opacity":"","overlay-gradient":""},"tablet":{"background-color":"var(--ast-global-color-5)","background-image":"","background-repeat":"repeat","background-position":"center center","background-size":"auto","background-attachment":"scroll","background-type":"","background-media":"","overlay-type":"","overlay-color":"","overlay-opacity":"","overlay-gradient":""},"mobile":{"background-color":"var(--ast-global-color-5)","background-image":"","background-repeat":"repeat","background-position":"center center","background-size":"auto","background-attachment":"scroll","background-type":"","background-media":"","overlay-type":"","overlay-color":"","overlay-opacity":"","overlay-gradient":""}},"footnotes":""},"categories":[1830,1803],"tags":[],"class_list":["post-16554","post","type-post","status-publish","format-standard","has-post-thumbnail","hentry","category-noticias","category-noticias-biblioteca"],"_links":{"self":[{"href":"https:\/\/biblioteca.xativa.es\/es\/wp-json\/wp\/v2\/posts\/16554"}],"collection":[{"href":"https:\/\/biblioteca.xativa.es\/es\/wp-json\/wp\/v2\/posts"}],"about":[{"href":"https:\/\/biblioteca.xativa.es\/es\/wp-json\/wp\/v2\/types\/post"}],"author":[{"embeddable":true,"href":"https:\/\/biblioteca.xativa.es\/es\/wp-json\/wp\/v2\/users\/2"}],"replies":[{"embeddable":true,"href":"https:\/\/biblioteca.xativa.es\/es\/wp-json\/wp\/v2\/comments?post=16554"}],"version-history":[{"count":0,"href":"https:\/\/biblioteca.xativa.es\/es\/wp-json\/wp\/v2\/posts\/16554\/revisions"}],"wp:featuredmedia":[{"embeddable":true,"href":"https:\/\/biblioteca.xativa.es\/es\/wp-json\/wp\/v2\/media\/16551"}],"wp:attachment":[{"href":"https:\/\/biblioteca.xativa.es\/es\/wp-json\/wp\/v2\/media?parent=16554"}],"wp:term":[{"taxonomy":"category","embeddable":true,"href":"https:\/\/biblioteca.xativa.es\/es\/wp-json\/wp\/v2\/categories?post=16554"},{"taxonomy":"post_tag","embeddable":true,"href":"https:\/\/biblioteca.xativa.es\/es\/wp-json\/wp\/v2\/tags?post=16554"}],"curies":[{"name":"wp","href":"https:\/\/api.w.org\/{rel}","templated":true}]}}