{"id":23436,"global_id":"biblioteca.xativa.es\/es\/?id=23436","global_id_lineage":["biblioteca.xativa.es\/es\/?id=23436"],"author":"2","status":"publish","date":"2026-01-27 14:18:25","date_utc":"2026-01-27 14:18:25","modified":"2026-01-27 14:20:10","modified_utc":"2026-01-27 14:20:10","url":"https:\/\/biblioteca.xativa.es\/es\/activitat\/converses-a-la-biblioteca-ingrata-patria-de-marti-dominguez\/","rest_url":"https:\/\/biblioteca.xativa.es\/es\/wp-json\/tribe\/events\/v1\/events\/23436","title":"Converses a la biblioteca: \u00abIngrata p\u00e0tria\u00bb de Mart\u00ed Dom\u00ednguez","description":"<p>El jueves 5 de febrero se presentar\u00e1 en la Biblioteca de X\u00e0tiva la \u00faltima novela de Mart\u00ed Dom\u00ednguez: \u00abIngrata p\u00e0tria\u00bb, publicada per Proa.<\/p>\n<p>Ser\u00e1 a las 19.30h en la sala de personas adultas.<\/p>","excerpt":"","slug":"converses-a-la-biblioteca-ingrata-patria-de-marti-dominguez","image":{"url":"https:\/\/biblioteca.xativa.es\/wp-content\/uploads\/2026\/01\/Converses-Marti-Dominguez.jpg","id":23434,"extension":"jpg","width":1587,"height":2245,"filesize":447176,"sizes":{"medium":{"width":212,"height":300,"mime-type":"image\/jpeg","filesize":21291,"url":"https:\/\/biblioteca.xativa.es\/wp-content\/uploads\/2026\/01\/Converses-Marti-Dominguez-212x300.jpg"},"large":{"width":724,"height":1024,"mime-type":"image\/jpeg","filesize":134739,"url":"https:\/\/biblioteca.xativa.es\/wp-content\/uploads\/2026\/01\/Converses-Marti-Dominguez-724x1024.jpg"},"thumbnail":{"width":150,"height":150,"mime-type":"image\/jpeg","filesize":11294,"url":"https:\/\/biblioteca.xativa.es\/wp-content\/uploads\/2026\/01\/Converses-Marti-Dominguez-150x150.jpg"},"medium_large":{"width":768,"height":1086,"mime-type":"image\/jpeg","filesize":148129,"url":"https:\/\/biblioteca.xativa.es\/wp-content\/uploads\/2026\/01\/Converses-Marti-Dominguez-768x1086.jpg"},"1536x1536":{"width":1086,"height":1536,"mime-type":"image\/jpeg","filesize":247825,"url":"https:\/\/biblioteca.xativa.es\/wp-content\/uploads\/2026\/01\/Converses-Marti-Dominguez-1086x1536.jpg"},"2048x2048":{"width":1448,"height":2048,"mime-type":"image\/jpeg","filesize":373431,"url":"https:\/\/biblioteca.xativa.es\/wp-content\/uploads\/2026\/01\/Converses-Marti-Dominguez-1448x2048.jpg"},"galeria-thumb":{"width":600,"height":485,"mime-type":"image\/jpeg","filesize":62782,"url":"https:\/\/biblioteca.xativa.es\/wp-content\/uploads\/2026\/01\/Converses-Marti-Dominguez-600x485.jpg"},"noticias-destacada-thumb":{"width":980,"height":365,"mime-type":"image\/jpeg","filesize":49479,"url":"https:\/\/biblioteca.xativa.es\/wp-content\/uploads\/2026\/01\/Converses-Marti-Dominguez-980x365.jpg"},"noticias-single-thumb":{"width":980,"height":585,"mime-type":"image\/jpeg","filesize":89875,"url":"https:\/\/biblioteca.xativa.es\/wp-content\/uploads\/2026\/01\/Converses-Marti-Dominguez-980x585.jpg"},"noticias-thumb":{"width":735,"height":850,"mime-type":"image\/jpeg","filesize":121223,"url":"https:\/\/biblioteca.xativa.es\/wp-content\/uploads\/2026\/01\/Converses-Marti-Dominguez-735x850.jpg"}}},"all_day":false,"start_date":"2026-02-05 19:30:00","start_date_details":{"year":"2026","month":"02","day":"05","hour":"19","minutes":"30","seconds":"00"},"end_date":"2026-02-05 20:30:00","end_date_details":{"year":"2026","month":"02","day":"05","hour":"20","minutes":"30","seconds":"00"},"utc_start_date":"2026-02-05 19:30:00","utc_start_date_details":{"year":"2026","month":"02","day":"05","hour":"19","minutes":"30","seconds":"00"},"utc_end_date":"2026-02-05 20:30:00","utc_end_date_details":{"year":"2026","month":"02","day":"05","hour":"20","minutes":"30","seconds":"00"},"timezone":"UTC+0","timezone_abbr":"UTC+0","cost":"","cost_details":{"currency_symbol":"\u20ac","currency_code":"USD","currency_position":"suffix","values":[]},"website":"","show_map":true,"show_map_link":true,"hide_from_listings":false,"sticky":false,"featured":false,"categories":[],"tags":[],"venue":{"id":15741,"author":"1","status":"publish","date":"2022-06-10 09:39:16","date_utc":"2022-06-10 09:39:16","modified":"2022-06-10 09:39:16","modified_utc":"2022-06-10 09:39:16","url":"https:\/\/biblioteca.xativa.es\/local\/la-biblioteca-municipal-de-xativa\/","venue":"La Biblioteca Municipal de X\u00e0tiva","slug":"la-biblioteca-municipal-de-xativa","json_ld":{"@type":"Place","name":"La Biblioteca Municipal de X\u00e0tiva","description":"","url":"","address":{"@type":"PostalAddress"},"telephone":"","sameAs":""},"show_map":true,"show_map_link":true,"global_id":"biblioteca.xativa.es\/es\/?id=15741","global_id_lineage":["biblioteca.xativa.es\/es\/?id=15741"]},"organizer":[{"id":16579,"author":"2","status":"publish","date":"2022-10-10 10:35:46","date_utc":"2022-10-10 10:35:46","modified":"2022-10-10 10:35:46","modified_utc":"2022-10-10 10:35:46","url":"https:\/\/biblioteca.xativa.es\/organizador\/biblioteca-municipal-de-xativa\/","organizer":"Biblioteca Municipal de X\u00e0tiva","slug":"biblioteca-municipal-de-xativa","phone":"962287328","website":"biblioteca.xativa.es","email":"biblioteca@ayto-xativa.es","json_ld":{"@type":"Person","name":"Biblioteca Municipal de X\u00e0tiva","description":"","url":"http:\/\/biblioteca.xativa.es","telephone":"962287328","email":"&#98;&#105;b&#108;&#105;&#111;&#116;e&#99;&#97;&#64;ayto-&#120;&#97;t&#105;va&#46;es","sameAs":"http:\/\/biblioteca.xativa.es"},"global_id":"biblioteca.xativa.es\/es\/?id=16579","global_id_lineage":["biblioteca.xativa.es\/es\/?id=16579"]}],"custom_fields":[],"json_ld":{"@context":"http:\/\/schema.org","@type":"Event","name":"Converses a la biblioteca: \u00abIngrata p\u00e0tria\u00bb de Mart\u00ed Dom\u00ednguez","description":"&lt;p&gt;El jueves 5 de febrero se presentar\u00e1 en la Biblioteca de X\u00e0tiva la \u00faltima novela de Mart\u00ed Dom\u00ednguez: &quot;Ingrata p\u00e0tria&quot;, publicada per Proa. Ser\u00e1 a las 19.30h en la sala de personas adultas.&lt;\/p&gt;\\n","image":"https:\/\/biblioteca.xativa.es\/wp-content\/uploads\/2026\/01\/Converses-Marti-Dominguez.jpg","url":"https:\/\/biblioteca.xativa.es\/es\/activitat\/converses-a-la-biblioteca-ingrata-patria-de-marti-dominguez\/","eventAttendanceMode":"https:\/\/schema.org\/OfflineEventAttendanceMode","eventStatus":"https:\/\/schema.org\/EventScheduled","startDate":"2026-02-05T19:30:00+00:00","endDate":"2026-02-05T20:30:00+00:00","location":{"@type":"Place","name":"La Biblioteca Municipal de X\u00e0tiva","description":"","url":"","address":{"@type":"PostalAddress"},"telephone":"","sameAs":""},"organizer":{"@type":"Person","name":"Biblioteca Municipal de X\u00e0tiva","description":"","url":"http:\/\/biblioteca.xativa.es","telephone":"962287328","email":"b&#105;bl&#105;&#111;t&#101;c&#97;&#64;a&#121;t&#111;-xa&#116;iv&#97;.es","sameAs":"http:\/\/biblioteca.xativa.es"},"performer":"Organization"}}