{"id":23415,"global_id":"biblioteca.xativa.es\/es\/?id=23415","global_id_lineage":["biblioteca.xativa.es\/es\/?id=23415"],"author":"2","status":"publish","date":"2026-01-05 10:04:59","date_utc":"2026-01-05 10:04:59","modified":"2026-01-05 10:04:59","modified_utc":"2026-01-05 10:04:59","url":"https:\/\/biblioteca.xativa.es\/es\/activitat\/converses-a-la-biblioteca-qui-salva-una-vida-de-nuria-cadenes\/","rest_url":"https:\/\/biblioteca.xativa.es\/es\/wp-json\/tribe\/events\/v1\/events\/23415","title":"Converses a la biblioteca: \u00abQui salva una vida\u00bb de N\u00faria Cadenes","description":"<p>El jueves 15 de enero se presentar\u00e1 el \u00faltimo libro de N\u00faria Cadenes \u00abQui salva una vida\u00bb, premio Proa 2025.<\/p>\n<p>Ser\u00e1 en la sala de personas adultas a las 19.30h.<\/p>","excerpt":"","slug":"converses-a-la-biblioteca-qui-salva-una-vida-de-nuria-cadenes","image":{"url":"https:\/\/biblioteca.xativa.es\/wp-content\/uploads\/2026\/01\/Cartell-Nuria-Cadenes.jpg","id":23416,"extension":"jpg","width":1587,"height":2245,"filesize":421737,"sizes":{"medium":{"width":212,"height":300,"mime-type":"image\/jpeg","filesize":20035,"url":"https:\/\/biblioteca.xativa.es\/wp-content\/uploads\/2026\/01\/Cartell-Nuria-Cadenes-212x300.jpg"},"large":{"width":724,"height":1024,"mime-type":"image\/jpeg","filesize":117521,"url":"https:\/\/biblioteca.xativa.es\/wp-content\/uploads\/2026\/01\/Cartell-Nuria-Cadenes-724x1024.jpg"},"thumbnail":{"width":150,"height":150,"mime-type":"image\/jpeg","filesize":10921,"url":"https:\/\/biblioteca.xativa.es\/wp-content\/uploads\/2026\/01\/Cartell-Nuria-Cadenes-150x150.jpg"},"medium_large":{"width":768,"height":1086,"mime-type":"image\/jpeg","filesize":129852,"url":"https:\/\/biblioteca.xativa.es\/wp-content\/uploads\/2026\/01\/Cartell-Nuria-Cadenes-768x1086.jpg"},"1536x1536":{"width":1086,"height":1536,"mime-type":"image\/jpeg","filesize":222985,"url":"https:\/\/biblioteca.xativa.es\/wp-content\/uploads\/2026\/01\/Cartell-Nuria-Cadenes-1086x1536.jpg"},"2048x2048":{"width":1448,"height":2048,"mime-type":"image\/jpeg","filesize":347777,"url":"https:\/\/biblioteca.xativa.es\/wp-content\/uploads\/2026\/01\/Cartell-Nuria-Cadenes-1448x2048.jpg"},"galeria-thumb":{"width":600,"height":485,"mime-type":"image\/jpeg","filesize":54994,"url":"https:\/\/biblioteca.xativa.es\/wp-content\/uploads\/2026\/01\/Cartell-Nuria-Cadenes-600x485.jpg"},"noticias-destacada-thumb":{"width":980,"height":365,"mime-type":"image\/jpeg","filesize":48693,"url":"https:\/\/biblioteca.xativa.es\/wp-content\/uploads\/2026\/01\/Cartell-Nuria-Cadenes-980x365.jpg"},"noticias-single-thumb":{"width":980,"height":585,"mime-type":"image\/jpeg","filesize":84738,"url":"https:\/\/biblioteca.xativa.es\/wp-content\/uploads\/2026\/01\/Cartell-Nuria-Cadenes-980x585.jpg"},"noticias-thumb":{"width":735,"height":850,"mime-type":"image\/jpeg","filesize":104638,"url":"https:\/\/biblioteca.xativa.es\/wp-content\/uploads\/2026\/01\/Cartell-Nuria-Cadenes-735x850.jpg"}}},"all_day":false,"start_date":"2026-01-15 19:30:00","start_date_details":{"year":"2026","month":"01","day":"15","hour":"19","minutes":"30","seconds":"00"},"end_date":"2026-01-15 20:30:00","end_date_details":{"year":"2026","month":"01","day":"15","hour":"20","minutes":"30","seconds":"00"},"utc_start_date":"2026-01-15 19:30:00","utc_start_date_details":{"year":"2026","month":"01","day":"15","hour":"19","minutes":"30","seconds":"00"},"utc_end_date":"2026-01-15 20:30:00","utc_end_date_details":{"year":"2026","month":"01","day":"15","hour":"20","minutes":"30","seconds":"00"},"timezone":"UTC+0","timezone_abbr":"UTC+0","cost":"","cost_details":{"currency_symbol":"\u20ac","currency_code":"USD","currency_position":"suffix","values":[]},"website":"","show_map":true,"show_map_link":true,"hide_from_listings":false,"sticky":false,"featured":false,"categories":[],"tags":[],"venue":{"id":15741,"author":"1","status":"publish","date":"2022-06-10 09:39:16","date_utc":"2022-06-10 09:39:16","modified":"2022-06-10 09:39:16","modified_utc":"2022-06-10 09:39:16","url":"https:\/\/biblioteca.xativa.es\/local\/la-biblioteca-municipal-de-xativa\/","venue":"La Biblioteca Municipal de X\u00e0tiva","slug":"la-biblioteca-municipal-de-xativa","json_ld":{"@type":"Place","name":"La Biblioteca Municipal de X\u00e0tiva","description":"","url":"","address":{"@type":"PostalAddress"},"telephone":"","sameAs":""},"show_map":true,"show_map_link":true,"global_id":"biblioteca.xativa.es\/es\/?id=15741","global_id_lineage":["biblioteca.xativa.es\/es\/?id=15741"]},"organizer":[{"id":16579,"author":"2","status":"publish","date":"2022-10-10 10:35:46","date_utc":"2022-10-10 10:35:46","modified":"2022-10-10 10:35:46","modified_utc":"2022-10-10 10:35:46","url":"https:\/\/biblioteca.xativa.es\/organizador\/biblioteca-municipal-de-xativa\/","organizer":"Biblioteca Municipal de X\u00e0tiva","slug":"biblioteca-municipal-de-xativa","phone":"962287328","website":"biblioteca.xativa.es","email":"biblioteca@ayto-xativa.es","json_ld":{"@type":"Person","name":"Biblioteca Municipal de X\u00e0tiva","description":"","url":"http:\/\/biblioteca.xativa.es","telephone":"962287328","email":"bibl&#105;&#111;&#116;&#101;&#99;&#97;&#64;a&#121;&#116;o-&#120;&#97;tiv&#97;&#46;es","sameAs":"http:\/\/biblioteca.xativa.es"},"global_id":"biblioteca.xativa.es\/es\/?id=16579","global_id_lineage":["biblioteca.xativa.es\/es\/?id=16579"]}],"custom_fields":[],"json_ld":{"@context":"http:\/\/schema.org","@type":"Event","name":"Converses a la biblioteca: \u00abQui salva una vida\u00bb de N\u00faria Cadenes","description":"&lt;p&gt;El jueves 15 de enero se presentar\u00e1 el \u00faltimo libro de N\u00faria Cadenes &quot;Qui salva una vida&quot;, premio Proa 2025. Ser\u00e1 en la sala de personas adultas a las 19.30h.&lt;\/p&gt;\\n","image":"https:\/\/biblioteca.xativa.es\/wp-content\/uploads\/2026\/01\/Cartell-Nuria-Cadenes.jpg","url":"https:\/\/biblioteca.xativa.es\/es\/activitat\/converses-a-la-biblioteca-qui-salva-una-vida-de-nuria-cadenes\/","eventAttendanceMode":"https:\/\/schema.org\/OfflineEventAttendanceMode","eventStatus":"https:\/\/schema.org\/EventScheduled","startDate":"2026-01-15T19:30:00+00:00","endDate":"2026-01-15T20:30:00+00:00","location":{"@type":"Place","name":"La Biblioteca Municipal de X\u00e0tiva","description":"","url":"","address":{"@type":"PostalAddress"},"telephone":"","sameAs":""},"organizer":{"@type":"Person","name":"Biblioteca Municipal de X\u00e0tiva","description":"","url":"http:\/\/biblioteca.xativa.es","telephone":"962287328","email":"&#98;ib&#108;i&#111;&#116;&#101;c&#97;&#64;a&#121;&#116;&#111;&#45;x&#97;t&#105;&#118;a&#46;e&#115;","sameAs":"http:\/\/biblioteca.xativa.es"},"performer":"Organization"}}