{"id":23372,"global_id":"biblioteca.xativa.es\/es\/?id=23372","global_id_lineage":["biblioteca.xativa.es\/es\/?id=23372"],"author":"2","status":"publish","date":"2025-11-17 11:42:46","date_utc":"2025-11-17 11:42:46","modified":"2025-11-17 11:42:46","modified_utc":"2025-11-17 11:42:46","url":"https:\/\/biblioteca.xativa.es\/es\/activitat\/recital-de-poesia\/","rest_url":"https:\/\/biblioteca.xativa.es\/es\/wp-json\/tribe\/events\/v1\/events\/23372","title":"Recital de poes\u00eda","description":"<p>El jueves 20 de noviembre a las 19.30h, en la sala de personas adultas de la Biblioteca se celebrar\u00e1 un recital de poes\u00eda del poemario \u00abTerapia del duelo\u00bb de \u00c0ngels Salinas.<\/p>\n<p class=\"cvGsUA direction-ltr align-center para-style-body\"><span class=\"a_GcMg font-feature-liga-off font-feature-clig-off font-feature-calt-off text-decoration-none text-strikethrough-none\">Presenta: Paco Mart\u00ednez; recitan: <\/span><span class=\"a_GcMg font-feature-liga-off font-feature-clig-off font-feature-calt-off text-decoration-none text-strikethrough-none\">\u00c0ngles Salinas y Marcel Bolinxes; guitarra: <\/span><span class=\"a_GcMg font-feature-liga-off font-feature-clig-off font-feature-calt-off text-decoration-none text-strikethrough-none\">Rafa N\u00e1cher y acompa\u00f1amiento con Alba P\u00e9rez.<\/span><\/p>","excerpt":"","slug":"recital-de-poesia","image":{"url":"https:\/\/biblioteca.xativa.es\/wp-content\/uploads\/2024\/11\/cartell-recital-angels-2025.jpg","id":23368,"extension":"jpg","width":1587,"height":2245,"filesize":366780,"sizes":{"medium":{"width":212,"height":300,"mime-type":"image\/jpeg","filesize":20682,"url":"https:\/\/biblioteca.xativa.es\/wp-content\/uploads\/2024\/11\/cartell-recital-angels-2025-212x300.jpg"},"large":{"width":724,"height":1024,"mime-type":"image\/jpeg","filesize":113584,"url":"https:\/\/biblioteca.xativa.es\/wp-content\/uploads\/2024\/11\/cartell-recital-angels-2025-724x1024.jpg"},"thumbnail":{"width":150,"height":150,"mime-type":"image\/jpeg","filesize":10865,"url":"https:\/\/biblioteca.xativa.es\/wp-content\/uploads\/2024\/11\/cartell-recital-angels-2025-150x150.jpg"},"medium_large":{"width":768,"height":1086,"mime-type":"image\/jpeg","filesize":124748,"url":"https:\/\/biblioteca.xativa.es\/wp-content\/uploads\/2024\/11\/cartell-recital-angels-2025-768x1086.jpg"},"1536x1536":{"width":1086,"height":1536,"mime-type":"image\/jpeg","filesize":204635,"url":"https:\/\/biblioteca.xativa.es\/wp-content\/uploads\/2024\/11\/cartell-recital-angels-2025-1086x1536.jpg"},"2048x2048":{"width":1448,"height":2048,"mime-type":"image\/jpeg","filesize":309525,"url":"https:\/\/biblioteca.xativa.es\/wp-content\/uploads\/2024\/11\/cartell-recital-angels-2025-1448x2048.jpg"},"galeria-thumb":{"width":600,"height":485,"mime-type":"image\/jpeg","filesize":51392,"url":"https:\/\/biblioteca.xativa.es\/wp-content\/uploads\/2024\/11\/cartell-recital-angels-2025-600x485.jpg"},"noticias-destacada-thumb":{"width":980,"height":365,"mime-type":"image\/jpeg","filesize":39291,"url":"https:\/\/biblioteca.xativa.es\/wp-content\/uploads\/2024\/11\/cartell-recital-angels-2025-980x365.jpg"},"noticias-single-thumb":{"width":980,"height":585,"mime-type":"image\/jpeg","filesize":73972,"url":"https:\/\/biblioteca.xativa.es\/wp-content\/uploads\/2024\/11\/cartell-recital-angels-2025-980x585.jpg"},"noticias-thumb":{"width":735,"height":850,"mime-type":"image\/jpeg","filesize":99751,"url":"https:\/\/biblioteca.xativa.es\/wp-content\/uploads\/2024\/11\/cartell-recital-angels-2025-735x850.jpg"}}},"all_day":false,"start_date":"2025-11-20 19:30:00","start_date_details":{"year":"2025","month":"11","day":"20","hour":"19","minutes":"30","seconds":"00"},"end_date":"2025-11-20 20:30:00","end_date_details":{"year":"2025","month":"11","day":"20","hour":"20","minutes":"30","seconds":"00"},"utc_start_date":"2025-11-20 19:30:00","utc_start_date_details":{"year":"2025","month":"11","day":"20","hour":"19","minutes":"30","seconds":"00"},"utc_end_date":"2025-11-20 20:30:00","utc_end_date_details":{"year":"2025","month":"11","day":"20","hour":"20","minutes":"30","seconds":"00"},"timezone":"UTC+0","timezone_abbr":"UTC+0","cost":"","cost_details":{"currency_symbol":"\u20ac","currency_code":"USD","currency_position":"suffix","values":[]},"website":"","show_map":true,"show_map_link":true,"hide_from_listings":false,"sticky":false,"featured":false,"categories":[],"tags":[{"name":"poesia","slug":"poesia","term_group":0,"term_taxonomy_id":2020,"taxonomy":"post_tag","description":"","parent":0,"count":1,"filter":"raw","id":2020,"urls":{"self":"https:\/\/biblioteca.xativa.es\/es\/wp-json\/tribe\/events\/v1\/tags\/2020","collection":"https:\/\/biblioteca.xativa.es\/es\/wp-json\/tribe\/events\/v1\/tags"}},{"name":"recital","slug":"recital","term_group":0,"term_taxonomy_id":2019,"taxonomy":"post_tag","description":"","parent":0,"count":1,"filter":"raw","id":2019,"urls":{"self":"https:\/\/biblioteca.xativa.es\/es\/wp-json\/tribe\/events\/v1\/tags\/2019","collection":"https:\/\/biblioteca.xativa.es\/es\/wp-json\/tribe\/events\/v1\/tags"}}],"venue":{"id":15741,"author":"1","status":"publish","date":"2022-06-10 09:39:16","date_utc":"2022-06-10 09:39:16","modified":"2022-06-10 09:39:16","modified_utc":"2022-06-10 09:39:16","url":"https:\/\/biblioteca.xativa.es\/local\/la-biblioteca-municipal-de-xativa\/","venue":"La Biblioteca Municipal de X\u00e0tiva","slug":"la-biblioteca-municipal-de-xativa","json_ld":{"@type":"Place","name":"La Biblioteca Municipal de X\u00e0tiva","description":"","url":"","address":{"@type":"PostalAddress"},"telephone":"","sameAs":""},"show_map":true,"show_map_link":true,"global_id":"biblioteca.xativa.es\/es\/?id=15741","global_id_lineage":["biblioteca.xativa.es\/es\/?id=15741"]},"organizer":[{"id":16579,"author":"2","status":"publish","date":"2022-10-10 10:35:46","date_utc":"2022-10-10 10:35:46","modified":"2022-10-10 10:35:46","modified_utc":"2022-10-10 10:35:46","url":"https:\/\/biblioteca.xativa.es\/organizador\/biblioteca-municipal-de-xativa\/","organizer":"Biblioteca Municipal de X\u00e0tiva","slug":"biblioteca-municipal-de-xativa","phone":"962287328","website":"biblioteca.xativa.es","email":"biblioteca@ayto-xativa.es","json_ld":{"@type":"Person","name":"Biblioteca Municipal de X\u00e0tiva","description":"","url":"http:\/\/biblioteca.xativa.es","telephone":"962287328","email":"bibl&#105;o&#116;&#101;&#99;&#97;&#64;&#97;y&#116;&#111;-xat&#105;va.&#101;s","sameAs":"http:\/\/biblioteca.xativa.es"},"global_id":"biblioteca.xativa.es\/es\/?id=16579","global_id_lineage":["biblioteca.xativa.es\/es\/?id=16579"]}],"custom_fields":[],"json_ld":{"@context":"http:\/\/schema.org","@type":"Event","name":"Recital de poes\u00eda","description":"&lt;p&gt;El jueves 20 de noviembre a las 19.30h, en la sala de personas adultas de la Biblioteca se celebrar\u00e1 un recital de poes\u00eda del poemario &quot;Terapia del duelo&quot; de \u00c0ngels Salinas. Presenta: Paco Mart\u00ednez; recitan: \u00c0ngles Salinas y Marcel Bolinxes; guitarra: Rafa N\u00e1cher y acompa\u00f1amiento con Alba P\u00e9rez.&lt;\/p&gt;\\n","image":"https:\/\/biblioteca.xativa.es\/wp-content\/uploads\/2024\/11\/cartell-recital-angels-2025.jpg","url":"https:\/\/biblioteca.xativa.es\/es\/activitat\/recital-de-poesia\/","eventAttendanceMode":"https:\/\/schema.org\/OfflineEventAttendanceMode","eventStatus":"https:\/\/schema.org\/EventScheduled","startDate":"2025-11-20T19:30:00+00:00","endDate":"2025-11-20T20:30:00+00:00","location":{"@type":"Place","name":"La Biblioteca Municipal de X\u00e0tiva","description":"","url":"","address":{"@type":"PostalAddress"},"telephone":"","sameAs":""},"organizer":{"@type":"Person","name":"Biblioteca Municipal de X\u00e0tiva","description":"","url":"http:\/\/biblioteca.xativa.es","telephone":"962287328","email":"&#98;ib&#108;i&#111;&#116;ec&#97;&#64;a&#121;to-&#120;a&#116;iv&#97;.es","sameAs":"http:\/\/biblioteca.xativa.es"},"performer":"Organization"}}