{"id":23322,"global_id":"biblioteca.xativa.es\/es\/?id=23322","global_id_lineage":["biblioteca.xativa.es\/es\/?id=23322"],"author":"2","status":"publish","date":"2025-11-07 10:46:31","date_utc":"2025-11-07 10:46:31","modified":"2025-11-07 16:32:35","modified_utc":"2025-11-07 16:32:35","url":"https:\/\/biblioteca.xativa.es\/es\/activitat\/converses-a-la-biblioteca-los-apodos-de-la-costera\/","rest_url":"https:\/\/biblioteca.xativa.es\/es\/wp-json\/tribe\/events\/v1\/events\/23322","title":"Converses a la Biblioteca: \u00abEls malnoms de la Costera\u00bb","description":"<p>El pr\u00f3ximo jueves 13 de noviembre, a las 19.30h, tendremos una charla &#8211; coloquio sobre <strong>\u00abEls malnoms de la Costera\u00bb.<\/strong><\/p>\n<p>Estar\u00e1 a cargo de Pepe Sanchis y Vicent Garc\u00eda Perales (Universitat CEU), y lleva por t\u00edtulo: \u00ab<em>Mante, i tu de qui eres?<\/em>\u00ab.<\/p>","excerpt":"","slug":"converses-a-la-biblioteca-los-apodos-de-la-costera","image":{"url":"https:\/\/biblioteca.xativa.es\/wp-content\/uploads\/2025\/11\/cartell-malnoms.jpg","id":23320,"extension":"jpg","width":1587,"height":2245,"filesize":377656,"sizes":{"medium":{"width":212,"height":300,"mime-type":"image\/jpeg","filesize":20359,"url":"https:\/\/biblioteca.xativa.es\/wp-content\/uploads\/2025\/11\/cartell-malnoms-212x300.jpg"},"large":{"width":724,"height":1024,"mime-type":"image\/jpeg","filesize":119589,"url":"https:\/\/biblioteca.xativa.es\/wp-content\/uploads\/2025\/11\/cartell-malnoms-724x1024.jpg"},"thumbnail":{"width":150,"height":150,"mime-type":"image\/jpeg","filesize":11247,"url":"https:\/\/biblioteca.xativa.es\/wp-content\/uploads\/2025\/11\/cartell-malnoms-150x150.jpg"},"medium_large":{"width":768,"height":1086,"mime-type":"image\/jpeg","filesize":130544,"url":"https:\/\/biblioteca.xativa.es\/wp-content\/uploads\/2025\/11\/cartell-malnoms-768x1086.jpg"},"1536x1536":{"width":1086,"height":1536,"mime-type":"image\/jpeg","filesize":212312,"url":"https:\/\/biblioteca.xativa.es\/wp-content\/uploads\/2025\/11\/cartell-malnoms-1086x1536.jpg"},"2048x2048":{"width":1448,"height":2048,"mime-type":"image\/jpeg","filesize":318680,"url":"https:\/\/biblioteca.xativa.es\/wp-content\/uploads\/2025\/11\/cartell-malnoms-1448x2048.jpg"},"galeria-thumb":{"width":600,"height":485,"mime-type":"image\/jpeg","filesize":57776,"url":"https:\/\/biblioteca.xativa.es\/wp-content\/uploads\/2025\/11\/cartell-malnoms-600x485.jpg"},"noticias-destacada-thumb":{"width":980,"height":365,"mime-type":"image\/jpeg","filesize":59368,"url":"https:\/\/biblioteca.xativa.es\/wp-content\/uploads\/2025\/11\/cartell-malnoms-980x365.jpg"},"noticias-single-thumb":{"width":980,"height":585,"mime-type":"image\/jpeg","filesize":92441,"url":"https:\/\/biblioteca.xativa.es\/wp-content\/uploads\/2025\/11\/cartell-malnoms-980x585.jpg"},"noticias-thumb":{"width":735,"height":850,"mime-type":"image\/jpeg","filesize":107321,"url":"https:\/\/biblioteca.xativa.es\/wp-content\/uploads\/2025\/11\/cartell-malnoms-735x850.jpg"}}},"all_day":false,"start_date":"2025-11-13 19:30:00","start_date_details":{"year":"2025","month":"11","day":"13","hour":"19","minutes":"30","seconds":"00"},"end_date":"2025-11-13 21:00:00","end_date_details":{"year":"2025","month":"11","day":"13","hour":"21","minutes":"00","seconds":"00"},"utc_start_date":"2025-11-13 19:30:00","utc_start_date_details":{"year":"2025","month":"11","day":"13","hour":"19","minutes":"30","seconds":"00"},"utc_end_date":"2025-11-13 21:00:00","utc_end_date_details":{"year":"2025","month":"11","day":"13","hour":"21","minutes":"00","seconds":"00"},"timezone":"UTC+0","timezone_abbr":"UTC+0","cost":"","cost_details":{"currency_symbol":"\u20ac","currency_code":"USD","currency_position":"suffix","values":[]},"website":"","show_map":true,"show_map_link":true,"hide_from_listings":false,"sticky":false,"featured":false,"categories":[],"tags":[],"venue":{"id":15741,"author":"1","status":"publish","date":"2022-06-10 09:39:16","date_utc":"2022-06-10 09:39:16","modified":"2022-06-10 09:39:16","modified_utc":"2022-06-10 09:39:16","url":"https:\/\/biblioteca.xativa.es\/local\/la-biblioteca-municipal-de-xativa\/","venue":"La Biblioteca Municipal de X\u00e0tiva","slug":"la-biblioteca-municipal-de-xativa","json_ld":{"@type":"Place","name":"La Biblioteca Municipal de X\u00e0tiva","description":"","url":"","address":{"@type":"PostalAddress"},"telephone":"","sameAs":""},"show_map":true,"show_map_link":true,"global_id":"biblioteca.xativa.es\/es\/?id=15741","global_id_lineage":["biblioteca.xativa.es\/es\/?id=15741"]},"organizer":[{"id":16579,"author":"2","status":"publish","date":"2022-10-10 10:35:46","date_utc":"2022-10-10 10:35:46","modified":"2022-10-10 10:35:46","modified_utc":"2022-10-10 10:35:46","url":"https:\/\/biblioteca.xativa.es\/organizador\/biblioteca-municipal-de-xativa\/","organizer":"Biblioteca Municipal de X\u00e0tiva","slug":"biblioteca-municipal-de-xativa","phone":"962287328","website":"biblioteca.xativa.es","email":"biblioteca@ayto-xativa.es","json_ld":{"@type":"Person","name":"Biblioteca Municipal de X\u00e0tiva","description":"","url":"http:\/\/biblioteca.xativa.es","telephone":"962287328","email":"b&#105;&#98;l&#105;&#111;te&#99;&#97;&#64;&#97;&#121;&#116;&#111;-&#120;&#97;tiva.&#101;&#115;","sameAs":"http:\/\/biblioteca.xativa.es"},"global_id":"biblioteca.xativa.es\/es\/?id=16579","global_id_lineage":["biblioteca.xativa.es\/es\/?id=16579"]}],"custom_fields":[],"json_ld":{"@context":"http:\/\/schema.org","@type":"Event","name":"Converses a la Biblioteca: \u00abEls malnoms de la Costera\u00bb","description":"&lt;p&gt;El pr\u00f3ximo jueves 13 de noviembre, a las 19.30h, tendremos una charla - coloquio sobre &quot;Els malnoms de la Costera&quot;. Estar\u00e1 a cargo de Pepe Sanchis y Vicent Garc\u00eda Perales (Universitat CEU), y lleva por t\u00edtulo: &quot;Mante, i tu de qui eres?&quot;.&lt;\/p&gt;\\n","image":"https:\/\/biblioteca.xativa.es\/wp-content\/uploads\/2025\/11\/cartell-malnoms.jpg","url":"https:\/\/biblioteca.xativa.es\/es\/activitat\/converses-a-la-biblioteca-los-apodos-de-la-costera\/","eventAttendanceMode":"https:\/\/schema.org\/OfflineEventAttendanceMode","eventStatus":"https:\/\/schema.org\/EventScheduled","startDate":"2025-11-13T19:30:00+00:00","endDate":"2025-11-13T21:00:00+00:00","location":{"@type":"Place","name":"La Biblioteca Municipal de X\u00e0tiva","description":"","url":"","address":{"@type":"PostalAddress"},"telephone":"","sameAs":""},"organizer":{"@type":"Person","name":"Biblioteca Municipal de X\u00e0tiva","description":"","url":"http:\/\/biblioteca.xativa.es","telephone":"962287328","email":"&#98;ib&#108;&#105;ot&#101;&#99;&#97;&#64;&#97;y&#116;&#111;&#45;&#120;&#97;ti&#118;a.&#101;s","sameAs":"http:\/\/biblioteca.xativa.es"},"performer":"Organization"}}