{"id":22714,"global_id":"biblioteca.xativa.es\/es\/?id=22714","global_id_lineage":["biblioteca.xativa.es\/es\/?id=22714"],"author":"2","status":"publish","date":"2025-04-29 15:14:51","date_utc":"2025-04-29 15:14:51","modified":"2025-04-29 15:16:39","modified_utc":"2025-04-29 15:16:39","url":"https:\/\/biblioteca.xativa.es\/es\/activitat\/converses-a-la-biblioteca-21\/","rest_url":"https:\/\/biblioteca.xativa.es\/es\/wp-json\/tribe\/events\/v1\/events\/22714","title":"Converses a la biblioteca","description":"<p>El mi\u00e9rcoles 14 de mayo tendremos el placer de presentar el \u00faltimo poemario de Vicent Camps: <em>N\u00c0IXER tantes vegades<\/em><\/p>\n<p>Esta presentaci\u00f3n estar\u00e1 acompa\u00f1ada de un recital de poemas por parte del mismo autor.<\/p>\n<p>Participar\u00e1 David Vidal, editor, y se celebrar\u00e1 en la sala para personas adultas de la Biblioteca.<\/p>","excerpt":"","slug":"converses-a-la-biblioteca-21","image":{"url":"https:\/\/biblioteca.xativa.es\/wp-content\/uploads\/2025\/04\/cartell-vicent-camps-maig25.jpg","id":22717,"extension":"jpg","width":1587,"height":2245,"filesize":301348,"sizes":{"medium":{"width":212,"height":300,"mime-type":"image\/jpeg","filesize":18307,"url":"https:\/\/biblioteca.xativa.es\/wp-content\/uploads\/2025\/04\/cartell-vicent-camps-maig25-212x300.jpg"},"large":{"width":724,"height":1024,"mime-type":"image\/jpeg","filesize":96895,"url":"https:\/\/biblioteca.xativa.es\/wp-content\/uploads\/2025\/04\/cartell-vicent-camps-maig25-724x1024.jpg"},"thumbnail":{"width":150,"height":150,"mime-type":"image\/jpeg","filesize":10389,"url":"https:\/\/biblioteca.xativa.es\/wp-content\/uploads\/2025\/04\/cartell-vicent-camps-maig25-150x150.jpg"},"medium_large":{"width":768,"height":1086,"mime-type":"image\/jpeg","filesize":103546,"url":"https:\/\/biblioteca.xativa.es\/wp-content\/uploads\/2025\/04\/cartell-vicent-camps-maig25-768x1086.jpg"},"1536x1536":{"width":1086,"height":1536,"mime-type":"image\/jpeg","filesize":168758,"url":"https:\/\/biblioteca.xativa.es\/wp-content\/uploads\/2025\/04\/cartell-vicent-camps-maig25-1086x1536.jpg"},"2048x2048":{"width":1448,"height":2048,"mime-type":"image\/jpeg","filesize":247201,"url":"https:\/\/biblioteca.xativa.es\/wp-content\/uploads\/2025\/04\/cartell-vicent-camps-maig25-1448x2048.jpg"},"galeria-thumb":{"width":600,"height":485,"mime-type":"image\/jpeg","filesize":48126,"url":"https:\/\/biblioteca.xativa.es\/wp-content\/uploads\/2025\/04\/cartell-vicent-camps-maig25-600x485.jpg"},"noticias-destacada-thumb":{"width":980,"height":365,"mime-type":"image\/jpeg","filesize":40795,"url":"https:\/\/biblioteca.xativa.es\/wp-content\/uploads\/2025\/04\/cartell-vicent-camps-maig25-980x365.jpg"},"noticias-single-thumb":{"width":980,"height":585,"mime-type":"image\/jpeg","filesize":66966,"url":"https:\/\/biblioteca.xativa.es\/wp-content\/uploads\/2025\/04\/cartell-vicent-camps-maig25-980x585.jpg"},"noticias-thumb":{"width":735,"height":850,"mime-type":"image\/jpeg","filesize":88683,"url":"https:\/\/biblioteca.xativa.es\/wp-content\/uploads\/2025\/04\/cartell-vicent-camps-maig25-735x850.jpg"}}},"all_day":false,"start_date":"2025-05-14 20:00:00","start_date_details":{"year":"2025","month":"05","day":"14","hour":"20","minutes":"00","seconds":"00"},"end_date":"2025-05-14 21:00:00","end_date_details":{"year":"2025","month":"05","day":"14","hour":"21","minutes":"00","seconds":"00"},"utc_start_date":"2025-05-14 20:00:00","utc_start_date_details":{"year":"2025","month":"05","day":"14","hour":"20","minutes":"00","seconds":"00"},"utc_end_date":"2025-05-14 21:00:00","utc_end_date_details":{"year":"2025","month":"05","day":"14","hour":"21","minutes":"00","seconds":"00"},"timezone":"UTC+0","timezone_abbr":"UTC+0","cost":"","cost_details":{"currency_symbol":"\u20ac","currency_code":"USD","currency_position":"suffix","values":[]},"website":"","show_map":true,"show_map_link":true,"hide_from_listings":false,"sticky":false,"featured":false,"categories":[],"tags":[],"venue":{"id":15741,"author":"1","status":"publish","date":"2022-06-10 09:39:16","date_utc":"2022-06-10 09:39:16","modified":"2022-06-10 09:39:16","modified_utc":"2022-06-10 09:39:16","url":"https:\/\/biblioteca.xativa.es\/local\/la-biblioteca-municipal-de-xativa\/","venue":"La Biblioteca Municipal de X\u00e0tiva","slug":"la-biblioteca-municipal-de-xativa","json_ld":{"@type":"Place","name":"La Biblioteca Municipal de X\u00e0tiva","description":"","url":"","address":{"@type":"PostalAddress"},"telephone":"","sameAs":""},"show_map":true,"show_map_link":true,"global_id":"biblioteca.xativa.es\/es\/?id=15741","global_id_lineage":["biblioteca.xativa.es\/es\/?id=15741"]},"organizer":[{"id":16579,"author":"2","status":"publish","date":"2022-10-10 10:35:46","date_utc":"2022-10-10 10:35:46","modified":"2022-10-10 10:35:46","modified_utc":"2022-10-10 10:35:46","url":"https:\/\/biblioteca.xativa.es\/organizador\/biblioteca-municipal-de-xativa\/","organizer":"Biblioteca Municipal de X\u00e0tiva","slug":"biblioteca-municipal-de-xativa","phone":"962287328","website":"biblioteca.xativa.es","email":"biblioteca@ayto-xativa.es","json_ld":{"@type":"Person","name":"Biblioteca Municipal de X\u00e0tiva","description":"","url":"http:\/\/biblioteca.xativa.es","telephone":"962287328","email":"bi&#98;&#108;&#105;&#111;&#116;e&#99;&#97;&#64;a&#121;&#116;o-&#120;a&#116;&#105;va.&#101;&#115;","sameAs":"http:\/\/biblioteca.xativa.es"},"global_id":"biblioteca.xativa.es\/es\/?id=16579","global_id_lineage":["biblioteca.xativa.es\/es\/?id=16579"]}],"custom_fields":[],"json_ld":{"@context":"http:\/\/schema.org","@type":"Event","name":"Converses a la biblioteca","description":"&lt;p&gt;El mi\u00e9rcoles 14 de mayo tendremos el placer de presentar el \u00faltimo poemario de Vicent Camps: N\u00c0IXER tantes vegades Esta presentaci\u00f3n estar\u00e1 acompa\u00f1ada de un recital de poemas por parte del mismo autor. Participar\u00e1 David Vidal, editor, y se celebrar\u00e1 en la sala para personas adultas de la Biblioteca.&lt;\/p&gt;\\n","image":"https:\/\/biblioteca.xativa.es\/wp-content\/uploads\/2025\/04\/cartell-vicent-camps-maig25.jpg","url":"https:\/\/biblioteca.xativa.es\/es\/activitat\/converses-a-la-biblioteca-21\/","eventAttendanceMode":"https:\/\/schema.org\/OfflineEventAttendanceMode","eventStatus":"https:\/\/schema.org\/EventScheduled","startDate":"2025-05-14T20:00:00+00:00","endDate":"2025-05-14T21:00:00+00:00","location":{"@type":"Place","name":"La Biblioteca Municipal de X\u00e0tiva","description":"","url":"","address":{"@type":"PostalAddress"},"telephone":"","sameAs":""},"organizer":{"@type":"Person","name":"Biblioteca Municipal de X\u00e0tiva","description":"","url":"http:\/\/biblioteca.xativa.es","telephone":"962287328","email":"b&#105;b&#108;&#105;&#111;&#116;e&#99;&#97;&#64;ay&#116;o&#45;x&#97;&#116;&#105;&#118;a&#46;&#101;s","sameAs":"http:\/\/biblioteca.xativa.es"},"performer":"Organization"}}