{"id":22408,"global_id":"biblioteca.xativa.es\/es\/?id=22408","global_id_lineage":["biblioteca.xativa.es\/es\/?id=22408"],"author":"2","status":"publish","date":"2025-01-09 16:37:08","date_utc":"2025-01-09 16:37:08","modified":"2025-01-09 16:38:17","modified_utc":"2025-01-09 16:38:17","url":"https:\/\/biblioteca.xativa.es\/es\/activitat\/converses-a-la-biblioteca-16\/","rest_url":"https:\/\/biblioteca.xativa.es\/es\/wp-json\/tribe\/events\/v1\/events\/22408","title":"Converses a la biblioteca","description":"<p>Presentaci\u00f3n del libro: \u00ab<strong><em>M\u00e1s all\u00e1 de \u00dcsk\u00fcdar<\/em><\/strong>\u00bb de <strong>Pablo Carbonell<\/strong>. Contaremos con la presencia de Lola Novella e Isabel Mart\u00ednez.<\/p>\n<p>Ser\u00e1 el jueves 16 de enero, a las 19.00h, en la Sala de Conferencias de la Casa de la Cultura.<\/p>","excerpt":"","slug":"converses-a-la-biblioteca-16","image":{"url":"https:\/\/biblioteca.xativa.es\/wp-content\/uploads\/2025\/01\/Converses-Pablo-Carbonell.jpg","id":22406,"extension":"jpg","width":1587,"height":2245,"filesize":340630,"sizes":{"medium":{"width":212,"height":300,"mime-type":"image\/jpeg","filesize":18875,"url":"https:\/\/biblioteca.xativa.es\/wp-content\/uploads\/2025\/01\/Converses-Pablo-Carbonell-212x300.jpg"},"large":{"width":724,"height":1024,"mime-type":"image\/jpeg","filesize":111124,"url":"https:\/\/biblioteca.xativa.es\/wp-content\/uploads\/2025\/01\/Converses-Pablo-Carbonell-724x1024.jpg"},"thumbnail":{"width":150,"height":150,"mime-type":"image\/jpeg","filesize":10687,"url":"https:\/\/biblioteca.xativa.es\/wp-content\/uploads\/2025\/01\/Converses-Pablo-Carbonell-150x150.jpg"},"medium_large":{"width":768,"height":1086,"mime-type":"image\/jpeg","filesize":120257,"url":"https:\/\/biblioteca.xativa.es\/wp-content\/uploads\/2025\/01\/Converses-Pablo-Carbonell-768x1086.jpg"},"1536x1536":{"width":1086,"height":1536,"mime-type":"image\/jpeg","filesize":195703,"url":"https:\/\/biblioteca.xativa.es\/wp-content\/uploads\/2025\/01\/Converses-Pablo-Carbonell-1086x1536.jpg"},"2048x2048":{"width":1448,"height":2048,"mime-type":"image\/jpeg","filesize":289939,"url":"https:\/\/biblioteca.xativa.es\/wp-content\/uploads\/2025\/01\/Converses-Pablo-Carbonell-1448x2048.jpg"},"galeria-thumb":{"width":600,"height":485,"mime-type":"image\/jpeg","filesize":55486,"url":"https:\/\/biblioteca.xativa.es\/wp-content\/uploads\/2025\/01\/Converses-Pablo-Carbonell-600x485.jpg"},"noticias-destacada-thumb":{"width":980,"height":365,"mime-type":"image\/jpeg","filesize":50972,"url":"https:\/\/biblioteca.xativa.es\/wp-content\/uploads\/2025\/01\/Converses-Pablo-Carbonell-980x365.jpg"},"noticias-single-thumb":{"width":980,"height":585,"mime-type":"image\/jpeg","filesize":76283,"url":"https:\/\/biblioteca.xativa.es\/wp-content\/uploads\/2025\/01\/Converses-Pablo-Carbonell-980x585.jpg"},"noticias-thumb":{"width":735,"height":850,"mime-type":"image\/jpeg","filesize":102406,"url":"https:\/\/biblioteca.xativa.es\/wp-content\/uploads\/2025\/01\/Converses-Pablo-Carbonell-735x850.jpg"}}},"all_day":false,"start_date":"2025-01-16 19:00:00","start_date_details":{"year":"2025","month":"01","day":"16","hour":"19","minutes":"00","seconds":"00"},"end_date":"2025-01-16 20:00:00","end_date_details":{"year":"2025","month":"01","day":"16","hour":"20","minutes":"00","seconds":"00"},"utc_start_date":"2025-01-16 19:00:00","utc_start_date_details":{"year":"2025","month":"01","day":"16","hour":"19","minutes":"00","seconds":"00"},"utc_end_date":"2025-01-16 20:00:00","utc_end_date_details":{"year":"2025","month":"01","day":"16","hour":"20","minutes":"00","seconds":"00"},"timezone":"UTC+0","timezone_abbr":"UTC+0","cost":"","cost_details":{"currency_symbol":"\u20ac","currency_code":"USD","currency_position":"suffix","values":[]},"website":"","show_map":true,"show_map_link":true,"hide_from_listings":false,"sticky":false,"featured":false,"categories":[],"tags":[],"venue":{"id":18069,"author":"2","status":"publish","date":"2024-02-26 16:37:26","date_utc":"2024-02-26 16:37:26","modified":"2024-02-26 16:37:26","modified_utc":"2024-02-26 16:37:26","url":"https:\/\/biblioteca.xativa.es\/local\/casa-de-la-cultura-de-xativa\/","venue":"Casa de la Cultura de X\u00e0tiva","slug":"casa-de-la-cultura-de-xativa","json_ld":{"@type":"Place","name":"Casa de la Cultura de X\u00e0tiva","description":"","url":"","address":{"@type":"PostalAddress"},"telephone":"","sameAs":""},"show_map":true,"show_map_link":true,"global_id":"biblioteca.xativa.es\/es\/?id=18069","global_id_lineage":["biblioteca.xativa.es\/es\/?id=18069"]},"organizer":[{"id":16579,"author":"2","status":"publish","date":"2022-10-10 10:35:46","date_utc":"2022-10-10 10:35:46","modified":"2022-10-10 10:35:46","modified_utc":"2022-10-10 10:35:46","url":"https:\/\/biblioteca.xativa.es\/organizador\/biblioteca-municipal-de-xativa\/","organizer":"Biblioteca Municipal de X\u00e0tiva","slug":"biblioteca-municipal-de-xativa","phone":"962287328","website":"biblioteca.xativa.es","email":"biblioteca@ayto-xativa.es","json_ld":{"@type":"Person","name":"Biblioteca Municipal de X\u00e0tiva","description":"","url":"http:\/\/biblioteca.xativa.es","telephone":"962287328","email":"&#98;i&#98;l&#105;o&#116;&#101;c&#97;&#64;&#97;&#121;&#116;o&#45;x&#97;&#116;&#105;va&#46;&#101;&#115;","sameAs":"http:\/\/biblioteca.xativa.es"},"global_id":"biblioteca.xativa.es\/es\/?id=16579","global_id_lineage":["biblioteca.xativa.es\/es\/?id=16579"]}],"custom_fields":[],"json_ld":{"@context":"http:\/\/schema.org","@type":"Event","name":"Converses a la biblioteca","description":"&lt;p&gt;Presentaci\u00f3n del libro: &quot;M\u00e1s all\u00e1 de \u00dcsk\u00fcdar&quot; de Pablo Carbonell. Contaremos con la presencia de Lola Novella e Isabel Mart\u00ednez. Ser\u00e1 el jueves 16 de enero, a las 19.00h, en la Sala de Conferencias de la Casa de la Cultura.&lt;\/p&gt;\\n","image":"https:\/\/biblioteca.xativa.es\/wp-content\/uploads\/2025\/01\/Converses-Pablo-Carbonell.jpg","url":"https:\/\/biblioteca.xativa.es\/es\/activitat\/converses-a-la-biblioteca-16\/","eventAttendanceMode":"https:\/\/schema.org\/OfflineEventAttendanceMode","eventStatus":"https:\/\/schema.org\/EventScheduled","startDate":"2025-01-16T19:00:00+00:00","endDate":"2025-01-16T20:00:00+00:00","location":{"@type":"Place","name":"Casa de la Cultura de X\u00e0tiva","description":"","url":"","address":{"@type":"PostalAddress"},"telephone":"","sameAs":""},"organizer":{"@type":"Person","name":"Biblioteca Municipal de X\u00e0tiva","description":"","url":"http:\/\/biblioteca.xativa.es","telephone":"962287328","email":"biblio&#116;&#101;&#99;a&#64;a&#121;&#116;&#111;-&#120;&#97;t&#105;va&#46;&#101;s","sameAs":"http:\/\/biblioteca.xativa.es"},"performer":"Organization"}}