{"id":22390,"global_id":"biblioteca.xativa.es\/es\/?id=22390","global_id_lineage":["biblioteca.xativa.es\/es\/?id=22390"],"author":"2","status":"publish","date":"2024-12-18 17:00:29","date_utc":"2024-12-18 17:00:29","modified":"2024-12-18 17:01:41","modified_utc":"2024-12-18 17:01:41","url":"https:\/\/biblioteca.xativa.es\/es\/activitat\/presentacion-para-todos-los-publicos\/","rest_url":"https:\/\/biblioteca.xativa.es\/es\/wp-json\/tribe\/events\/v1\/events\/22390","title":"Presentaci\u00f3n para todos los p\u00fablicos","description":"<p>El jueves 19 de noviembre se presentar\u00e1 en la Biblioteca el libro\u00a0 \u00abEl gatet diu mec\u00bb a cargo de sus autores\/as: Fani Grande y Jos\u00e9 Fonollosa.<\/p>\n<p>Ser\u00e1 a las 18.00h, en la Sala Infantil.<\/p>","excerpt":"","slug":"presentacion-para-todos-los-publicos","image":{"url":"https:\/\/biblioteca.xativa.es\/wp-content\/uploads\/2024\/12\/El-gatet-diu-mec.jpg","id":22386,"extension":"jpg","width":1587,"height":2245,"filesize":345345,"sizes":{"medium":{"width":212,"height":300,"mime-type":"image\/jpeg","filesize":20926,"url":"https:\/\/biblioteca.xativa.es\/wp-content\/uploads\/2024\/12\/El-gatet-diu-mec-212x300.jpg"},"large":{"width":724,"height":1024,"mime-type":"image\/jpeg","filesize":108860,"url":"https:\/\/biblioteca.xativa.es\/wp-content\/uploads\/2024\/12\/El-gatet-diu-mec-724x1024.jpg"},"thumbnail":{"width":150,"height":150,"mime-type":"image\/jpeg","filesize":9714,"url":"https:\/\/biblioteca.xativa.es\/wp-content\/uploads\/2024\/12\/El-gatet-diu-mec-150x150.jpg"},"medium_large":{"width":768,"height":1086,"mime-type":"image\/jpeg","filesize":118819,"url":"https:\/\/biblioteca.xativa.es\/wp-content\/uploads\/2024\/12\/El-gatet-diu-mec-768x1086.jpg"},"1536x1536":{"width":1086,"height":1536,"mime-type":"image\/jpeg","filesize":189560,"url":"https:\/\/biblioteca.xativa.es\/wp-content\/uploads\/2024\/12\/El-gatet-diu-mec-1086x1536.jpg"},"2048x2048":{"width":1448,"height":2048,"mime-type":"image\/jpeg","filesize":280091,"url":"https:\/\/biblioteca.xativa.es\/wp-content\/uploads\/2024\/12\/El-gatet-diu-mec-1448x2048.jpg"},"galeria-thumb":{"width":600,"height":485,"mime-type":"image\/jpeg","filesize":40380,"url":"https:\/\/biblioteca.xativa.es\/wp-content\/uploads\/2024\/12\/El-gatet-diu-mec-600x485.jpg"},"noticias-destacada-thumb":{"width":980,"height":365,"mime-type":"image\/jpeg","filesize":39917,"url":"https:\/\/biblioteca.xativa.es\/wp-content\/uploads\/2024\/12\/El-gatet-diu-mec-980x365.jpg"},"noticias-single-thumb":{"width":980,"height":585,"mime-type":"image\/jpeg","filesize":59468,"url":"https:\/\/biblioteca.xativa.es\/wp-content\/uploads\/2024\/12\/El-gatet-diu-mec-980x585.jpg"},"noticias-thumb":{"width":735,"height":850,"mime-type":"image\/jpeg","filesize":81315,"url":"https:\/\/biblioteca.xativa.es\/wp-content\/uploads\/2024\/12\/El-gatet-diu-mec-735x850.jpg"}}},"all_day":false,"start_date":"2024-12-19 18:00:00","start_date_details":{"year":"2024","month":"12","day":"19","hour":"18","minutes":"00","seconds":"00"},"end_date":"2024-12-19 19:00:00","end_date_details":{"year":"2024","month":"12","day":"19","hour":"19","minutes":"00","seconds":"00"},"utc_start_date":"2024-12-19 18:00:00","utc_start_date_details":{"year":"2024","month":"12","day":"19","hour":"18","minutes":"00","seconds":"00"},"utc_end_date":"2024-12-19 19:00:00","utc_end_date_details":{"year":"2024","month":"12","day":"19","hour":"19","minutes":"00","seconds":"00"},"timezone":"UTC+0","timezone_abbr":"UTC+0","cost":"","cost_details":{"currency_symbol":"\u20ac","currency_code":"USD","currency_position":"suffix","values":[]},"website":"","show_map":true,"show_map_link":true,"hide_from_listings":false,"sticky":false,"featured":false,"categories":[],"tags":[],"venue":{"id":15741,"author":"1","status":"publish","date":"2022-06-10 09:39:16","date_utc":"2022-06-10 09:39:16","modified":"2022-06-10 09:39:16","modified_utc":"2022-06-10 09:39:16","url":"https:\/\/biblioteca.xativa.es\/local\/la-biblioteca-municipal-de-xativa\/","venue":"La Biblioteca Municipal de X\u00e0tiva","slug":"la-biblioteca-municipal-de-xativa","json_ld":{"@type":"Place","name":"La Biblioteca Municipal de X\u00e0tiva","description":"","url":"","address":{"@type":"PostalAddress"},"telephone":"","sameAs":""},"show_map":true,"show_map_link":true,"global_id":"biblioteca.xativa.es\/es\/?id=15741","global_id_lineage":["biblioteca.xativa.es\/es\/?id=15741"]},"organizer":[{"id":16579,"author":"2","status":"publish","date":"2022-10-10 10:35:46","date_utc":"2022-10-10 10:35:46","modified":"2022-10-10 10:35:46","modified_utc":"2022-10-10 10:35:46","url":"https:\/\/biblioteca.xativa.es\/organizador\/biblioteca-municipal-de-xativa\/","organizer":"Biblioteca Municipal de X\u00e0tiva","slug":"biblioteca-municipal-de-xativa","phone":"962287328","website":"biblioteca.xativa.es","email":"biblioteca@ayto-xativa.es","json_ld":{"@type":"Person","name":"Biblioteca Municipal de X\u00e0tiva","description":"","url":"http:\/\/biblioteca.xativa.es","telephone":"962287328","email":"b&#105;&#98;li&#111;te&#99;&#97;&#64;&#97;&#121;&#116;o-x&#97;ti&#118;a&#46;&#101;s","sameAs":"http:\/\/biblioteca.xativa.es"},"global_id":"biblioteca.xativa.es\/es\/?id=16579","global_id_lineage":["biblioteca.xativa.es\/es\/?id=16579"]}],"custom_fields":[],"json_ld":{"@context":"http:\/\/schema.org","@type":"Event","name":"Presentaci\u00f3n para todos los p\u00fablicos","description":"&lt;p&gt;El jueves 19 de noviembre se presentar\u00e1 en la Biblioteca el libro\u00a0 &quot;El gatet diu mec&quot; a cargo de sus autores\/as: Fani Grande y Jos\u00e9 Fonollosa. Ser\u00e1 a las 18.00h, en la Sala Infantil.&lt;\/p&gt;\\n","image":"https:\/\/biblioteca.xativa.es\/wp-content\/uploads\/2024\/12\/El-gatet-diu-mec.jpg","url":"https:\/\/biblioteca.xativa.es\/es\/activitat\/presentacion-para-todos-los-publicos\/","eventAttendanceMode":"https:\/\/schema.org\/OfflineEventAttendanceMode","eventStatus":"https:\/\/schema.org\/EventScheduled","startDate":"2024-12-19T18:00:00+00:00","endDate":"2024-12-19T19:00:00+00:00","location":{"@type":"Place","name":"La Biblioteca Municipal de X\u00e0tiva","description":"","url":"","address":{"@type":"PostalAddress"},"telephone":"","sameAs":""},"organizer":{"@type":"Person","name":"Biblioteca Municipal de X\u00e0tiva","description":"","url":"http:\/\/biblioteca.xativa.es","telephone":"962287328","email":"&#98;ib&#108;&#105;ot&#101;&#99;&#97;&#64;ayt&#111;&#45;x&#97;t&#105;va.es","sameAs":"http:\/\/biblioteca.xativa.es"},"performer":"Organization"}}